[{"@context":"https:\/\/schema.org\/","@type":"Blog","@id":"https:\/\/www.ells.cz#Blog","headline":"Ells","description":"\nKomu nen\u00ed po ekonomick\u00e9 str\u00e1nce p\u0159\u00e1no, ten ur\u010dit\u011b nevede jednoduch\u00fd \u017eivot. N\u011bkdo takov\u00fd si mus\u00ed leccos odp\u00edrat a nejednou kv\u016fli tomu klidn\u011b i vysloven\u011b str\u00e1d\u00e1.","url":"https:\/\/www.ells.cz","hasPart":[{"@type":"Article","@id":"https:\/\/www.ells.cz\/hups-z-vysky\/","headline":"Hups z v\u00fd\u0161ky","url":"https:\/\/www.ells.cz\/hups-z-vysky\/","datePublished":"2026-01-11","dateModified":"2026-01-11","mainEntityOfPage":"https:\/\/www.ells.cz\/hups-z-vysky\/","author":{"@type":"Person","@id":"https:\/\/www.ells.cz\/author\/#Person","name":"","url":"https:\/\/www.ells.cz\/author\/","identifier":1,"image":{"@type":"ImageObject","@id":"https:\/\/secure.gravatar.com\/avatar\/5522eb0fc8481dea5f6519f6a0b15ee2c46358d48429b281fd7c49cbb5a929f9?s=96&d=mm&r=g","url":"https:\/\/secure.gravatar.com\/avatar\/5522eb0fc8481dea5f6519f6a0b15ee2c46358d48429b281fd7c49cbb5a929f9?s=96&d=mm&r=g","height":96,"width":96}},"publisher":{"@type":"Organization","name":"ells.cz","logo":{"@type":"ImageObject","@id":"\/logo.png","url":"\/logo.png","width":600,"height":60}},"image":{"@type":"ImageObject","@id":"https:\/\/www.ells.cz\/wp-content\/uploads\/pexels-daniel-reche-718241-1556664.jpg","url":"https:\/\/www.ells.cz\/wp-content\/uploads\/pexels-daniel-reche-718241-1556664.jpg","height":0,"width":0},"wordCount":655,"keywords":null},{"@type":"Article","@id":"https:\/\/www.ells.cz\/plastova-okna-se-hodi-i-na-jindrichohradecko\/","headline":"Plastov\u00e1 okna se hod\u00ed i na Jind\u0159ichohradecko","url":"https:\/\/www.ells.cz\/plastova-okna-se-hodi-i-na-jindrichohradecko\/","datePublished":"2026-01-10","dateModified":"2026-01-10","mainEntityOfPage":"https:\/\/www.ells.cz\/plastova-okna-se-hodi-i-na-jindrichohradecko\/","author":{"@type":"Person","@id":"https:\/\/www.ells.cz\/author\/#Person","name":"","url":"https:\/\/www.ells.cz\/author\/","identifier":1,"image":{"@type":"ImageObject","@id":"https:\/\/secure.gravatar.com\/avatar\/5522eb0fc8481dea5f6519f6a0b15ee2c46358d48429b281fd7c49cbb5a929f9?s=96&d=mm&r=g","url":"https:\/\/secure.gravatar.com\/avatar\/5522eb0fc8481dea5f6519f6a0b15ee2c46358d48429b281fd7c49cbb5a929f9?s=96&d=mm&r=g","height":96,"width":96}},"publisher":{"@type":"Organization","name":"ells.cz","logo":{"@type":"ImageObject","@id":"\/logo.png","url":"\/logo.png","width":600,"height":60}},"image":{"@type":"ImageObject","@id":"https:\/\/www.ells.cz\/wp-content\/uploads\/zdenet-pond-111942_640.jpg","url":"https:\/\/www.ells.cz\/wp-content\/uploads\/zdenet-pond-111942_640.jpg","height":0,"width":0},"wordCount":568,"keywords":null},{"@type":"Article","@id":"https:\/\/www.ells.cz\/vyzkousejte-hypoteku-bez-registru\/","headline":"Vyzkou\u0161ejte hypot\u00e9ku bez registru","url":"https:\/\/www.ells.cz\/vyzkousejte-hypoteku-bez-registru\/","datePublished":"2025-12-19","dateModified":"2025-12-19","mainEntityOfPage":"https:\/\/www.ells.cz\/vyzkousejte-hypoteku-bez-registru\/","author":{"@type":"Person","@id":"https:\/\/www.ells.cz\/author\/#Person","name":"","url":"https:\/\/www.ells.cz\/author\/","identifier":1,"image":{"@type":"ImageObject","@id":"https:\/\/secure.gravatar.com\/avatar\/5522eb0fc8481dea5f6519f6a0b15ee2c46358d48429b281fd7c49cbb5a929f9?s=96&d=mm&r=g","url":"https:\/\/secure.gravatar.com\/avatar\/5522eb0fc8481dea5f6519f6a0b15ee2c46358d48429b281fd7c49cbb5a929f9?s=96&d=mm&r=g","height":96,"width":96}},"publisher":{"@type":"Organization","name":"ells.cz","logo":{"@type":"ImageObject","@id":"\/logo.png","url":"\/logo.png","width":600,"height":60}},"image":{"@type":"ImageObject","@id":"https:\/\/www.ells.cz\/wp-content\/uploads\/new-home-1540889_640.jpg","url":"https:\/\/www.ells.cz\/wp-content\/uploads\/new-home-1540889_640.jpg","height":0,"width":0},"wordCount":531,"keywords":null},{"@type":"Article","@id":"https:\/\/www.ells.cz\/proc-se-tak-casto-pouziva-dratene-pletivo\/","headline":"Pro\u010d se tak \u010dasto pou\u017e\u00edv\u00e1 dr\u00e1t\u011bn\u00e9 pletivo","url":"https:\/\/www.ells.cz\/proc-se-tak-casto-pouziva-dratene-pletivo\/","datePublished":"2025-12-14","dateModified":"2025-12-14","mainEntityOfPage":"https:\/\/www.ells.cz\/proc-se-tak-casto-pouziva-dratene-pletivo\/","author":{"@type":"Person","@id":"https:\/\/www.ells.cz\/author\/#Person","name":"","url":"https:\/\/www.ells.cz\/author\/","identifier":1,"image":{"@type":"ImageObject","@id":"https:\/\/secure.gravatar.com\/avatar\/5522eb0fc8481dea5f6519f6a0b15ee2c46358d48429b281fd7c49cbb5a929f9?s=96&d=mm&r=g","url":"https:\/\/secure.gravatar.com\/avatar\/5522eb0fc8481dea5f6519f6a0b15ee2c46358d48429b281fd7c49cbb5a929f9?s=96&d=mm&r=g","height":96,"width":96}},"publisher":{"@type":"Organization","name":"ells.cz","logo":{"@type":"ImageObject","@id":"\/logo.png","url":"\/logo.png","width":600,"height":60}},"image":{"@type":"ImageObject","@id":"https:\/\/www.ells.cz\/wp-content\/uploads\/plot2_7.jpg","url":"https:\/\/www.ells.cz\/wp-content\/uploads\/plot2_7.jpg","height":0,"width":0},"wordCount":609,"keywords":null},{"@type":"Article","@id":"https:\/\/www.ells.cz\/zazimovani-bazenu-se-neobejde-bez-zazimovacich-plovaku\/","headline":"Zazimov\u00e1n\u00ed baz\u00e9nu se neobejde bez zazimovac\u00edch plov\u00e1k\u016f","url":"https:\/\/www.ells.cz\/zazimovani-bazenu-se-neobejde-bez-zazimovacich-plovaku\/","datePublished":"2025-12-02","dateModified":"2025-12-02","mainEntityOfPage":"https:\/\/www.ells.cz\/zazimovani-bazenu-se-neobejde-bez-zazimovacich-plovaku\/","author":{"@type":"Person","@id":"https:\/\/www.ells.cz\/author\/#Person","name":"","url":"https:\/\/www.ells.cz\/author\/","identifier":1,"image":{"@type":"ImageObject","@id":"https:\/\/secure.gravatar.com\/avatar\/5522eb0fc8481dea5f6519f6a0b15ee2c46358d48429b281fd7c49cbb5a929f9?s=96&d=mm&r=g","url":"https:\/\/secure.gravatar.com\/avatar\/5522eb0fc8481dea5f6519f6a0b15ee2c46358d48429b281fd7c49cbb5a929f9?s=96&d=mm&r=g","height":96,"width":96}},"publisher":{"@type":"Organization","name":"ells.cz","logo":{"@type":"ImageObject","@id":"\/logo.png","url":"\/logo.png","width":600,"height":60}},"image":{"@type":"ImageObject","@id":"https:\/\/www.ells.cz\/wp-content\/uploads\/swimming-pool-3488634_640_10_10_10_1.jpg","url":"https:\/\/www.ells.cz\/wp-content\/uploads\/swimming-pool-3488634_640_10_10_10_1.jpg","height":0,"width":0},"wordCount":607,"keywords":null},{"@type":"Article","@id":"https:\/\/www.ells.cz\/nedostatek-penez-neni-konec\/","headline":"Nedostatek pen\u011bz nen\u00ed konec","url":"https:\/\/www.ells.cz\/nedostatek-penez-neni-konec\/","datePublished":"2025-10-14","dateModified":"2025-10-14","mainEntityOfPage":"https:\/\/www.ells.cz\/nedostatek-penez-neni-konec\/","author":{"@type":"Person","@id":"https:\/\/www.ells.cz\/author\/#Person","name":"","url":"https:\/\/www.ells.cz\/author\/","identifier":1,"image":{"@type":"ImageObject","@id":"https:\/\/secure.gravatar.com\/avatar\/5522eb0fc8481dea5f6519f6a0b15ee2c46358d48429b281fd7c49cbb5a929f9?s=96&d=mm&r=g","url":"https:\/\/secure.gravatar.com\/avatar\/5522eb0fc8481dea5f6519f6a0b15ee2c46358d48429b281fd7c49cbb5a929f9?s=96&d=mm&r=g","height":96,"width":96}},"publisher":{"@type":"Organization","name":"ells.cz","logo":{"@type":"ImageObject","@id":"\/logo.png","url":"\/logo.png","width":600,"height":60}},"image":{"@type":"ImageObject","@id":"https:\/\/www.ells.cz\/wp-content\/uploads\/pppppppppppppppppppppppppppppppppppppppp_10_10_2.jpg","url":"https:\/\/www.ells.cz\/wp-content\/uploads\/pppppppppppppppppppppppppppppppppppppppp_10_10_2.jpg","height":0,"width":0},"wordCount":604,"keywords":null},{"@type":"Article","@id":"https:\/\/www.ells.cz\/jak-se-pohodlne-vyspat\/","headline":"Jak se pohodln\u011b vyspat","url":"https:\/\/www.ells.cz\/jak-se-pohodlne-vyspat\/","datePublished":"2025-09-03","dateModified":"2025-09-03","mainEntityOfPage":"https:\/\/www.ells.cz\/jak-se-pohodlne-vyspat\/","author":{"@type":"Person","@id":"https:\/\/www.ells.cz\/author\/#Person","name":"","url":"https:\/\/www.ells.cz\/author\/","identifier":1,"image":{"@type":"ImageObject","@id":"https:\/\/secure.gravatar.com\/avatar\/5522eb0fc8481dea5f6519f6a0b15ee2c46358d48429b281fd7c49cbb5a929f9?s=96&d=mm&r=g","url":"https:\/\/secure.gravatar.com\/avatar\/5522eb0fc8481dea5f6519f6a0b15ee2c46358d48429b281fd7c49cbb5a929f9?s=96&d=mm&r=g","height":96,"width":96}},"publisher":{"@type":"Organization","name":"ells.cz","logo":{"@type":"ImageObject","@id":"\/logo.png","url":"\/logo.png","width":600,"height":60}},"image":{"@type":"ImageObject","@id":"https:\/\/www.ells.cz\/wp-content\/uploads\/cow-2949075_640.jpg","url":"https:\/\/www.ells.cz\/wp-content\/uploads\/cow-2949075_640.jpg","height":0,"width":0},"wordCount":581,"keywords":null},{"@type":"Article","@id":"https:\/\/www.ells.cz\/vernost-az-za-hrob\/","headline":"V\u011brnost a\u017e za hrob","url":"https:\/\/www.ells.cz\/vernost-az-za-hrob\/","datePublished":"2025-08-10","dateModified":"2025-08-10","mainEntityOfPage":"https:\/\/www.ells.cz\/vernost-az-za-hrob\/","author":{"@type":"Person","@id":"https:\/\/www.ells.cz\/author\/#Person","name":"","url":"https:\/\/www.ells.cz\/author\/","identifier":1,"image":{"@type":"ImageObject","@id":"https:\/\/secure.gravatar.com\/avatar\/5522eb0fc8481dea5f6519f6a0b15ee2c46358d48429b281fd7c49cbb5a929f9?s=96&d=mm&r=g","url":"https:\/\/secure.gravatar.com\/avatar\/5522eb0fc8481dea5f6519f6a0b15ee2c46358d48429b281fd7c49cbb5a929f9?s=96&d=mm&r=g","height":96,"width":96}},"publisher":{"@type":"Organization","name":"ells.cz","logo":{"@type":"ImageObject","@id":"\/logo.png","url":"\/logo.png","width":600,"height":60}},"image":{"@type":"ImageObject","@id":"https:\/\/www.ells.cz\/wp-content\/uploads\/akita-2538276_640_10_10_10_10_10_3.jpg","url":"https:\/\/www.ells.cz\/wp-content\/uploads\/akita-2538276_640_10_10_10_10_10_3.jpg","height":0,"width":0},"wordCount":515,"keywords":null},{"@type":"Article","@id":"https:\/\/www.ells.cz\/vestavena-skrin-jako-umelecky-vytvor\/","headline":"Vestav\u011bn\u00e1 sk\u0159\u00ed\u0148 jako um\u011bleck\u00fd v\u00fdtvor","url":"https:\/\/www.ells.cz\/vestavena-skrin-jako-umelecky-vytvor\/","datePublished":"2025-08-01","dateModified":"2025-08-01","mainEntityOfPage":"https:\/\/www.ells.cz\/vestavena-skrin-jako-umelecky-vytvor\/","author":{"@type":"Person","@id":"https:\/\/www.ells.cz\/author\/#Person","name":"","url":"https:\/\/www.ells.cz\/author\/","identifier":1,"image":{"@type":"ImageObject","@id":"https:\/\/secure.gravatar.com\/avatar\/5522eb0fc8481dea5f6519f6a0b15ee2c46358d48429b281fd7c49cbb5a929f9?s=96&d=mm&r=g","url":"https:\/\/secure.gravatar.com\/avatar\/5522eb0fc8481dea5f6519f6a0b15ee2c46358d48429b281fd7c49cbb5a929f9?s=96&d=mm&r=g","height":96,"width":96}},"publisher":{"@type":"Organization","name":"ells.cz","logo":{"@type":"ImageObject","@id":"\/logo.png","url":"\/logo.png","width":600,"height":60}},"image":{"@type":"ImageObject","@id":"https:\/\/www.ells.cz\/wp-content\/uploads\/vestav%C4%9Bn%C3%A9%20sk%C5%99%C3%ADn%C4%9B_10.jpg","url":"https:\/\/www.ells.cz\/wp-content\/uploads\/vestav%C4%9Bn%C3%A9%20sk%C5%99%C3%ADn%C4%9B_10.jpg","height":0,"width":0},"wordCount":639,"keywords":null},{"@type":"Article","@id":"https:\/\/www.ells.cz\/jakou-kavu-si-date\/","headline":"Jakou k\u00e1vu si d\u00e1te?","url":"https:\/\/www.ells.cz\/jakou-kavu-si-date\/","datePublished":"2025-07-06","dateModified":"2025-07-06","mainEntityOfPage":"https:\/\/www.ells.cz\/jakou-kavu-si-date\/","author":{"@type":"Person","@id":"https:\/\/www.ells.cz\/author\/#Person","name":"","url":"https:\/\/www.ells.cz\/author\/","identifier":1,"image":{"@type":"ImageObject","@id":"https:\/\/secure.gravatar.com\/avatar\/5522eb0fc8481dea5f6519f6a0b15ee2c46358d48429b281fd7c49cbb5a929f9?s=96&d=mm&r=g","url":"https:\/\/secure.gravatar.com\/avatar\/5522eb0fc8481dea5f6519f6a0b15ee2c46358d48429b281fd7c49cbb5a929f9?s=96&d=mm&r=g","height":96,"width":96}},"publisher":{"@type":"Organization","name":"ells.cz","logo":{"@type":"ImageObject","@id":"\/logo.png","url":"\/logo.png","width":600,"height":60}},"image":{"@type":"ImageObject","@id":"https:\/\/www.ells.cz\/wp-content\/uploads\/coffee-gb04d74817_640_10_10_10_7.jpg","url":"https:\/\/www.ells.cz\/wp-content\/uploads\/coffee-gb04d74817_640_10_10_10_7.jpg","height":0,"width":0},"wordCount":560,"keywords":null}]},{"@context":"https:\/\/schema.org","@type":"WebSite","@id":"https:\/\/www.ells.cz\/#website","name":"Ells","url":"https:\/\/www.ells.cz","potentialAction":{"@type":"SearchAction","target":"https:\/\/www.ells.cz\/?s={search_term_string}","query-input":"required name=search_term_string"}}]