[{"@context":"https:\/\/schema.org\/","@type":"Article","@id":"https:\/\/www.ells.cz\/alena-schillerova\/#Article","mainEntityOfPage":"https:\/\/www.ells.cz\/alena-schillerova\/","headline":"Alena Schillerov\u00e1","name":"Alena Schillerov\u00e1","description":"Alena Shillerov\u00e1 se narodila v Brn\u011b. V roce 1964. Po maturit\u011b na gymn\u00e1ziu nastoupila v roce 1982 na Pr\u00e1vnickou.","datePublished":"2022-04-12","dateModified":"2023-05-01","author":{"@type":"Person","@id":"https:\/\/www.ells.cz\/author\/#Person","name":"","url":"https:\/\/www.ells.cz\/author\/","identifier":1,"image":{"@type":"ImageObject","@id":"https:\/\/secure.gravatar.com\/avatar\/5522eb0fc8481dea5f6519f6a0b15ee2c46358d48429b281fd7c49cbb5a929f9?s=96&d=mm&r=g","url":"https:\/\/secure.gravatar.com\/avatar\/5522eb0fc8481dea5f6519f6a0b15ee2c46358d48429b281fd7c49cbb5a929f9?s=96&d=mm&r=g","height":96,"width":96}},"publisher":{"@type":"Organization","name":"ells.cz","logo":{"@type":"ImageObject","@id":"\/logo.png","url":"\/logo.png","width":600,"height":60}},"image":{"@type":"ImageObject","@id":"https:\/\/www.ells.cz\/wp-content\/uploads\/entrepreneur-593357_960_720_2.jpg","url":"https:\/\/www.ells.cz\/wp-content\/uploads\/entrepreneur-593357_960_720_2.jpg","height":0,"width":0},"url":"https:\/\/www.ells.cz\/alena-schillerova\/","about":["\u017dena"],"wordCount":379,"articleBody":"Alena Shillerov\u00e1 se narodila v Brn\u011b. V roce 1964. Po maturit\u011b na gymn\u00e1ziu nastoupila v roce 1982 na Pr\u00e1vnickou fakultu Univerzity Jn Evangelisty Purkyn\u011b. Dva roky po promoci na stejn\u00e9 fakult\u011b absolvovala rigor\u00f3zn\u00ed \u0159\u00edzen\u00ed a v roce 1990 obh\u00e1jila titul JUDr. Pot\u00e9, po d\u00e1lkov\u00e9m studiu na Pr\u00e1vnick\u00e9 fakult\u011b MU, z\u00edskala titul Ph.D. V pozici pr\u00e1vni\u010dky zah\u00e1jila pracovn\u00ed kari\u00e9ru na Finan\u010dn\u00edm \u00fa\u0159adu v Brn\u011b. V roce 1994 se u\u017e posunula do pozice vedouc\u00ed pr\u00e1vn\u00edho a exeku\u010dn\u00edho odd\u011blen\u00ed. Pot\u00e9 zastupuje\u00a0\u0159editele Finan\u010dn\u00edho \u00fa\u0159adu. A od roku 2006 do roku 2012 pracuje v \u010dele tohoto \u00fa\u0159adu coby jeho \u0159editelka. V letech 2014 a\u017e 2015 \u0159\u00edd\u00ed Odbor pr\u00e1vn\u00ed a da\u0148ov\u00fd Gener\u00e1ln\u00edho finan\u010dn\u00edho \u0159editelstv\u00ed. Extern\u011b spolupracovala\u00a0s Pr\u00e1vnickou fakultou a rovn\u011b\u017e se v\u011bnovala p\u0159edn\u00e1\u0161kov\u00e9 \u010dinnosti.\u00a0Do roku 2021 p\u016fsobila Alena Schillerov\u00e1 v \u010cesk\u00e9\u00a0vl\u00e1d\u011b coby nestrani\u010dka. Post n\u00e1m\u011bstkyn\u011b\u00a0ministra financ\u00ed vykon\u00e1vala od 1. ledna 2016 do 13. prosince 2017. V n\u00e1sleduj\u00edc\u00edch letech 2017 &#8211; 2021 byla prezidentem republiky jmenov\u00e1na ministryn\u00ed financ\u00ed \u010cR.\u00a0V roce 2021\u00a0usp\u011bla ve sn\u011bmovn\u00edch volb\u00e1ch a stala se poslankyn\u00ed. U\u017e coby \u010dlenka Hnut\u00ed\u00a0 ANO. V \u00fanoru n\u00e1sleduj\u00edc\u00edho roku zvolen\u00e1 m\u00edstop\u0159edsedkyn\u00ed tohoto hnut\u00ed. P\u0159es tuto n\u00e1ro\u010dnou jak profesn\u00ed, tak politickou kari\u00e9ru tato \u00fasp\u011b\u0161n\u00e1 \u017eena oslavila se sv\u00fdm man\u017eelem Jaroslavem \u010dty\u0159icetilet\u00e9 v\u00fdro\u010d\u00ed svatby a jejich sou\u017eit\u00ed je vyv\u00e1\u017een\u00e9.Jednomu den\u00edku kdysi Akena Schillerov\u00e1 prozradila, \u017ee o rodinn\u00fd rozpo\u010det se star\u00e1 man\u017eel. Spole\u010dn\u00e9 dovolen\u00e9 tr\u00e1v\u00ed nejrad\u011bji na obl\u00edben\u00e9 Mallorce. Kde pasivn\u011b odpo\u010d\u00edvaj\u00ed koup\u00e1n\u00edm v mo\u0159i a \u010detbou knih, kter\u00e9 nestihli b\u011bhem roku p\u0159e\u010d\u00edst. Jejich d\u011bti, t\u0159icetiosmilet\u00e1 dcera Petra a dvaat\u0159icetilet\u00fd syn Jaroslav\u00a0u\u017e stoj\u00ed na vlastn\u00edch noh\u00e1ch a maminka je na n\u011b py\u0161n\u00e1. Jedin\u00fd vnuk vnuk Franti\u0161ek je pro man\u017eel\u00e9 Schillerovy velk\u00fdm pot\u011b\u0161en\u00edm. Babi\u010dka Alena p\u0159izn\u00e1v\u00e1, \u017ee se z n\u00ed stala nejen miluj\u00edc\u00ed, ale rovn\u011b\u017e rozmazluj\u00edc\u00ed babi\u010dka. P\u0159ejme t\u00e9to \u017een\u011b spln\u011bn\u00ed v\u0161ech tu\u017eeb i v n\u00e1sleduj\u00edc\u00edm profesn\u00edm \u017eivot\u011b.                                                                                                                                                                                                                                                                                                                                                                                                "},{"@context":"https:\/\/schema.org\/","@type":"BreadcrumbList","itemListElement":[{"@type":"ListItem","position":1,"name":"Alena Schillerov\u00e1","item":"https:\/\/www.ells.cz\/alena-schillerova\/#breadcrumbitem"}]}]