{"@context":"https:\/\/schema.org\/","@type":"CollectionPage","@id":"https:\/\/www.ells.cz\/auto\/#CollectionPage","headline":"Auto Category","description":"","url":"https:\/\/www.ells.cz\/auto\/","hasPart":[{"@type":"Article","@id":"https:\/\/www.ells.cz\/elektricka-auta-ktera-potkavame-na-cestach\/","headline":"Elektrick\u00e1 auta, kter\u00e1 potk\u00e1v\u00e1me na cest\u00e1ch","url":"https:\/\/www.ells.cz\/elektricka-auta-ktera-potkavame-na-cestach\/","datePublished":"2023-11-30","dateModified":"2023-11-30","mainEntityOfPage":"https:\/\/www.ells.cz\/elektricka-auta-ktera-potkavame-na-cestach\/","author":{"@type":"Person","@id":"https:\/\/www.ells.cz\/author\/#Person","name":"","url":"https:\/\/www.ells.cz\/author\/","identifier":1,"image":{"@type":"ImageObject","@id":"https:\/\/secure.gravatar.com\/avatar\/5522eb0fc8481dea5f6519f6a0b15ee2c46358d48429b281fd7c49cbb5a929f9?s=96&d=mm&r=g","url":"https:\/\/secure.gravatar.com\/avatar\/5522eb0fc8481dea5f6519f6a0b15ee2c46358d48429b281fd7c49cbb5a929f9?s=96&d=mm&r=g","height":96,"width":96}},"publisher":{"@type":"Organization","name":"ells.cz","logo":{"@type":"ImageObject","@id":"\/logo.png","url":"\/logo.png","width":600,"height":60}},"image":{"@type":"ImageObject","@id":"https:\/\/www.ells.cz\/wp-content\/uploads\/maserati-gran-turismo-1649119_640.jpg","url":"https:\/\/www.ells.cz\/wp-content\/uploads\/maserati-gran-turismo-1649119_640.jpg","height":0,"width":0},"keywords":null},{"@type":"Article","@id":"https:\/\/www.ells.cz\/auto-se-kvuli-strachu-nema-ridit\/","headline":"Auto se kv\u016fli strachu nem\u00e1 \u0159\u00eddit","url":"https:\/\/www.ells.cz\/auto-se-kvuli-strachu-nema-ridit\/","datePublished":"2023-08-23","dateModified":"2024-04-23","mainEntityOfPage":"https:\/\/www.ells.cz\/auto-se-kvuli-strachu-nema-ridit\/","author":{"@type":"Person","@id":"https:\/\/www.ells.cz\/author\/#Person","name":"","url":"https:\/\/www.ells.cz\/author\/","identifier":1,"image":{"@type":"ImageObject","@id":"https:\/\/secure.gravatar.com\/avatar\/5522eb0fc8481dea5f6519f6a0b15ee2c46358d48429b281fd7c49cbb5a929f9?s=96&d=mm&r=g","url":"https:\/\/secure.gravatar.com\/avatar\/5522eb0fc8481dea5f6519f6a0b15ee2c46358d48429b281fd7c49cbb5a929f9?s=96&d=mm&r=g","height":96,"width":96}},"publisher":{"@type":"Organization","name":"ells.cz","logo":{"@type":"ImageObject","@id":"\/logo.png","url":"\/logo.png","width":600,"height":60}},"image":{"@type":"ImageObject","@id":"https:\/\/www.ells.cz\/wp-content\/uploads\/car-1284641_640.jpg","url":"https:\/\/www.ells.cz\/wp-content\/uploads\/car-1284641_640.jpg","height":0,"width":0},"keywords":null},{"@type":"Article","@id":"https:\/\/www.ells.cz\/dobry-stav-automobilu\/","headline":"Dobr\u00fd stav automobilu","url":"https:\/\/www.ells.cz\/dobry-stav-automobilu\/","datePublished":"2022-08-12","dateModified":"2023-05-01","mainEntityOfPage":"https:\/\/www.ells.cz\/dobry-stav-automobilu\/","author":{"@type":"Person","@id":"https:\/\/www.ells.cz\/author\/#Person","name":"","url":"https:\/\/www.ells.cz\/author\/","identifier":1,"image":{"@type":"ImageObject","@id":"https:\/\/secure.gravatar.com\/avatar\/5522eb0fc8481dea5f6519f6a0b15ee2c46358d48429b281fd7c49cbb5a929f9?s=96&d=mm&r=g","url":"https:\/\/secure.gravatar.com\/avatar\/5522eb0fc8481dea5f6519f6a0b15ee2c46358d48429b281fd7c49cbb5a929f9?s=96&d=mm&r=g","height":96,"width":96}},"publisher":{"@type":"Organization","name":"ells.cz","logo":{"@type":"ImageObject","@id":"\/logo.png","url":"\/logo.png","width":600,"height":60}},"image":{"@type":"ImageObject","@id":"https:\/\/www.ells.cz\/wp-content\/uploads\/car-1661767_960_720.jpg","url":"https:\/\/www.ells.cz\/wp-content\/uploads\/car-1661767_960_720.jpg","height":0,"width":0},"keywords":null},{"@type":"Article","@id":"https:\/\/www.ells.cz\/v-rodine-dnes-byvaji-dve-auta\/","headline":"V rodin\u011b dnes b\u00fdvaj\u00ed dv\u011b auta","url":"https:\/\/www.ells.cz\/v-rodine-dnes-byvaji-dve-auta\/","datePublished":"2022-07-23","dateModified":"2023-05-01","mainEntityOfPage":"https:\/\/www.ells.cz\/v-rodine-dnes-byvaji-dve-auta\/","author":{"@type":"Person","@id":"https:\/\/www.ells.cz\/author\/#Person","name":"","url":"https:\/\/www.ells.cz\/author\/","identifier":1,"image":{"@type":"ImageObject","@id":"https:\/\/secure.gravatar.com\/avatar\/5522eb0fc8481dea5f6519f6a0b15ee2c46358d48429b281fd7c49cbb5a929f9?s=96&d=mm&r=g","url":"https:\/\/secure.gravatar.com\/avatar\/5522eb0fc8481dea5f6519f6a0b15ee2c46358d48429b281fd7c49cbb5a929f9?s=96&d=mm&r=g","height":96,"width":96}},"publisher":{"@type":"Organization","name":"ells.cz","logo":{"@type":"ImageObject","@id":"\/logo.png","url":"\/logo.png","width":600,"height":60}},"image":{"@type":"ImageObject","@id":"https:\/\/www.ells.cz\/wp-content\/uploads\/volant_1.JPG","url":"https:\/\/www.ells.cz\/wp-content\/uploads\/volant_1.JPG","height":0,"width":0},"keywords":null}]}