[{"@context":"https:\/\/schema.org\/","@type":"Article","@id":"https:\/\/www.ells.cz\/domaci-wellness-neni-problem\/#Article","mainEntityOfPage":"https:\/\/www.ells.cz\/domaci-wellness-neni-problem\/","headline":"Dom\u00e1c\u00ed wellness? Nen\u00ed probl\u00e9m!","name":"Dom\u00e1c\u00ed wellness? Nen\u00ed probl\u00e9m!","description":"Snili jste v\u017edy o takov\u00e9m dom\u00e1c\u00edm wellness Bydesign? A nechce se v\u00e1m nad\u00e1le utr\u00e1cet dal\u0161\u00ed mno\u017estv\u00ed pen\u011bz za n\u00e1v\u0161t\u011bvu.","datePublished":"2021-12-27","dateModified":"2021-12-27","author":{"@type":"Person","@id":"https:\/\/www.ells.cz\/author\/#Person","name":"","url":"https:\/\/www.ells.cz\/author\/","identifier":1,"image":{"@type":"ImageObject","@id":"https:\/\/secure.gravatar.com\/avatar\/5522eb0fc8481dea5f6519f6a0b15ee2c46358d48429b281fd7c49cbb5a929f9?s=96&d=mm&r=g","url":"https:\/\/secure.gravatar.com\/avatar\/5522eb0fc8481dea5f6519f6a0b15ee2c46358d48429b281fd7c49cbb5a929f9?s=96&d=mm&r=g","height":96,"width":96}},"publisher":{"@type":"Organization","name":"ells.cz","logo":{"@type":"ImageObject","@id":"\/logo.png","url":"\/logo.png","width":600,"height":60}},"image":{"@type":"ImageObject","@id":"https:\/\/www.ells.cz\/wp-content\/uploads\/stones-2040340_640_1.jpg","url":"https:\/\/www.ells.cz\/wp-content\/uploads\/stones-2040340_640_1.jpg","height":0,"width":0},"url":"https:\/\/www.ells.cz\/domaci-wellness-neni-problem\/","wordCount":479,"articleBody":"   Snili jste v\u017edy o takov\u00e9m dom\u00e1c\u00edm wellness Bydesign? A nechce se v\u00e1m nad\u00e1le utr\u00e1cet dal\u0161\u00ed mno\u017estv\u00ed pen\u011bz za n\u00e1v\u0161t\u011bvu t\u011bchto slu\u017eeb? Pak jsme tu pr\u00e1v\u011b pro v\u00e1s my! Snili jste v\u017edy o dom\u00e1c\u00edm wellness? A cht\u011bli byste si pr\u00e1v\u011b v tuto chv\u00edli dop\u0159\u00e1t to sv\u00e9? S n\u00e1mi se v\u00e1m tento sen m\u016f\u017ee st\u00e1t skute\u010dnost\u00ed pr\u00e1v\u011b nyn\u00ed! Dne\u0161n\u00ed doba je z d\u016fvod\u016f pandemii pln\u00e1 omezen\u00ed, a proto se m\u016f\u017ee naskytnou i probl\u00e9m si b\u011bhem va\u0161eho volna dop\u0159\u00e1t po\u0159\u00e1dn\u00fd odpo\u010dinek ani\u017e byste se nemuseli n\u011b\u010deho b\u00e1t. Jak si takov\u00e9 wellness vlastn\u011b m\u016f\u017eeme p\u0159edstavit?Naprosto jednodu\u0161e, proto\u017ee na tom nen\u00ed opravdu nic t\u011b\u017ek\u00e9ho. Sta\u010d\u00ed \u00fatuln\u00e1 m\u00edstnost kde bude dostat p\u0159\u00edjemn\u00e9ho sv\u011btla a vhodn\u00e1 barva \u010di tapeta, kter\u00e1 v\u00e1m navod\u00ed p\u0159\u00edjemnou atmosf\u00e9ru, a pokud si k tomu nav\u00edc je\u0161t\u011b p\u0159id\u00e1me relaxa\u010dn\u00ed hudbu tak si m\u016f\u017eeme p\u0159ipadat jako kdybychom byli v samotn\u00e9m nebi. A kdo vlastn\u011b jsme? Jsme design\u00e9rky, kter\u00e9 v\u00ed co n\u00e1\u0161 z\u00e1kazn\u00edk p\u0159esn\u011b pot\u0159ebuje, a z toho tak\u00e9 vych\u00e1z\u00ed na\u0161e skv\u011bl\u00e1 pr\u00e1ce kterou milujeme. Prvn\u00ed \u010d\u00edm za\u010d\u00edn\u00e1me je p\u0159edev\u0161\u00edm projektov\u00e1 dokumentace, pot\u00e9 p\u0159ijde na \u0159adu vizualizace. N\u00e1sleduje dal\u0161\u00ed krok co\u017e je tedy cenov\u00e1 nab\u00eddka, a pot\u00e9 m\u016f\u017eeme za\u010d\u00edt s realizac\u00ed. Jsme bydesign a na na\u0161ich webov\u00fdch str\u00e1nk\u00e1ch m\u016f\u017eete nal\u00e9zt p\u0159ehlednou galerii na\u0161ich prom\u011bn p\u0159ed a po.Ale nebo si snad p\u0159ejete m\u00edt modern\u00ed lo\u017enici, ob\u00fdvac\u00ed pokoj \u010di chodbu? My v\u00e1m zaru\u010d\u00edme to nejmodern\u011bj\u0161\u00ed \u0159e\u0161en\u00ed, kter\u00e9 na trhu kdy bylo. Nebo snad pot\u0159ebuje svoji pracovnu p\u0159izp\u016fsobit tak, aby v n\u00ed nep\u016fsobil chaos, ale aby m\u011bla \u0159\u00e1d a va\u0161e pracovn\u00ed sch\u016fzky, kter\u00e9 v n\u00ed prob\u00edhaj\u00ed byly p\u0159\u00edjemn\u00e9 nejen pro v\u00e1s, ale i pro va\u0161e potencion\u00e1ln\u00ed z\u00e1kazn\u00edky? Pak se obra\u0165te na n\u00e1s, a my v\u00e1m zaru\u010d\u00edme to nejlep\u0161\u00ed mo\u017en\u00e9 \u0159e\u0161en\u00ed za dobrou cenu. V\u0161e s v\u00e1mi podrobn\u011b zkonzultujeme a ur\u010dit\u011b se domluv\u00edme. Proto\u017ee od toho tu p\u0159ece pro v\u00e1s jsme! Pokud si st\u00e1le je\u0161t\u011b nev\u00edte rady pot\u00e9 se nebojte na n\u00e1s obr\u00e1tit a napsat n\u00e1m svou vizi, a my se v\u00e1m velmi rychle ozvete, a t\u00edm vy\u0159e\u0161\u00edme v\u00e1\u0161 probl\u00e9m. T\u011b\u0161\u00edme se na v\u00e1s ji\u017e dnes! A pokud m\u00e1te rad\u011bji osobn\u00ed p\u0159\u00edstup tak n\u00e1m zavolejte.                                                                                                                                                                                                                                                                                                                                                                                                  "},{"@context":"https:\/\/schema.org\/","@type":"BreadcrumbList","itemListElement":[{"@type":"ListItem","position":1,"name":"Dom\u00e1c\u00ed wellness? Nen\u00ed probl\u00e9m!","item":"https:\/\/www.ells.cz\/domaci-wellness-neni-problem\/#breadcrumbitem"}]}]