[{"@context":"https:\/\/schema.org\/","@type":"Article","@id":"https:\/\/www.ells.cz\/otestujte-se-antigennimi-testy\/#Article","mainEntityOfPage":"https:\/\/www.ells.cz\/otestujte-se-antigennimi-testy\/","headline":"Otestujte se antigenn\u00edmi testy","name":"Otestujte se antigenn\u00edmi testy","description":"S p\u0159ib\u00fdvaj\u00edc\u00edmi chladn\u00fdmi dny za\u010daly stoupat po\u010dty naka\u017een\u00fdch koronavirem. Nemoc se za\u010d\u00edn\u00e1 \u0161\u00ed\u0159it rychle a t\u00edm, \u017ee nepou\u017e\u00edv\u00e1me zat\u00edm.","datePublished":"2022-09-05","dateModified":"2023-05-01","author":{"@type":"Person","@id":"https:\/\/www.ells.cz\/author\/#Person","name":"","url":"https:\/\/www.ells.cz\/author\/","identifier":1,"image":{"@type":"ImageObject","@id":"https:\/\/secure.gravatar.com\/avatar\/5522eb0fc8481dea5f6519f6a0b15ee2c46358d48429b281fd7c49cbb5a929f9?s=96&d=mm&r=g","url":"https:\/\/secure.gravatar.com\/avatar\/5522eb0fc8481dea5f6519f6a0b15ee2c46358d48429b281fd7c49cbb5a929f9?s=96&d=mm&r=g","height":96,"width":96}},"publisher":{"@type":"Organization","name":"ells.cz","logo":{"@type":"ImageObject","@id":"\/logo.png","url":"\/logo.png","width":600,"height":60}},"image":{"@type":"ImageObject","@id":"https:\/\/www.ells.cz\/wp-content\/uploads\/woman-g9c2fe8476_640_1.jpg","url":"https:\/\/www.ells.cz\/wp-content\/uploads\/woman-g9c2fe8476_640_1.jpg","height":0,"width":0},"url":"https:\/\/www.ells.cz\/otestujte-se-antigennimi-testy\/","about":["N\u00e1kupy"],"wordCount":394,"articleBody":"   S p\u0159ib\u00fdvaj\u00edc\u00edmi chladn\u00fdmi dny za\u010daly stoupat po\u010dty naka\u017een\u00fdch koronavirem. Nemoc se za\u010d\u00edn\u00e1 \u0161\u00ed\u0159it rychle a t\u00edm, \u017ee nepou\u017e\u00edv\u00e1me zat\u00edm \u017e\u00e1dnou ochranu, \u0161\u00ed\u0159\u00ed se celkem nekontrolovateln\u011b nap\u0159\u00ed\u010d populac\u00ed. Pochopiteln\u011b jsou nejv\u00edce ohro\u017een\u00e9 osoby v uzav\u0159en\u00fdch prostorech. U\u010ditel\u00e9 a \u017e\u00e1ci \u0161kol, prodava\u010dky a nakupuj\u00edc\u00ed v n\u00e1kupn\u00edch centrech a prodejn\u00e1ch, osoby cestuj\u00edc\u00ed ve\u0159ejnou dopravou a \u0159idi\u010di autobus\u016f. Takto bychom mohli pokra\u010dovat d\u00e1l a d\u00e1le. Ka\u017ed\u00fd je r\u00e1d, \u017ee se zbavil rou\u0161ky, nikdo j\u00ed nepou\u017e\u00edv\u00e1, dezinfekce z budov vymizely, pokud n\u011bkde p\u0159etrvaly, nikdo je stejn\u011b nepou\u017e\u00edv\u00e1.  Lid\u00e9 ukon\u010dili pr\u00e1ci z domova a vr\u00e1tili se do kancel\u00e1\u0159\u00ed. Ztratili jsme ostra\u017eitost a strach z nemoci. Nemoc ov\u0161em \u0159\u00e1d\u00ed \u010d\u00edm d\u00e1l divo\u010deji, rozn\u00e1\u0161\u00ed se v pracovn\u00edch kolektivech, kdy jeden zam\u011bstnanec, kter\u00fd poci\u0165uje pouhou bolest hlavy nakaz\u00ed b\u011bhem jednoho dopoledne deset dal\u0161\u00edch a vy\u0159ad\u00ed je t\u00edm p\u00e1dem z pracovn\u00edho procesu minim\u00e1ln\u011b na t\u00fdden. Tito naka\u017een\u00ed u\u017e nemus\u00ed m\u00edt tak hladk\u00fd pr\u016fb\u011bh nemoci. Nemoc je zr\u00e1dn\u00e1 pr\u00e1v\u011b v rozd\u00edln\u00fdch projevech. N\u011bkdo nemus\u00ed m\u00edt ani zv\u00fd\u0161enou teplotu a jin\u00fd tr\u00e1v\u00ed n\u011bkolik dn\u00ed v posteli ve vysok\u00fdch hore\u010dk\u00e1ch. Dal\u0161\u00ed m\u016f\u017ee skon\u010dit v nemocnici s komplikacemi, kter\u00e9 u\u017e s\u00e1m nezvl\u00e1d\u00e1 l\u00e9\u010dit.Pokud za\u010dneme poci\u0165ovat zdravotn\u00ed diskomfort, je d\u016fle\u017eit\u00e9 zbyst\u0159it, rad\u011bji se izolovat, to znamen\u00e1, pokud je to mo\u017en\u00e9 za\u010d\u00edt pracovat na d\u00e1lku z dom\u00e1c\u00edho prost\u0159ed\u00ed, nenav\u0161t\u011bvovat spole\u010densk\u00e9 akce, nechodit obecn\u011b mezi lidi. Po dvou, nebo l\u00e9pe po t\u0159ech dnech si ud\u011blat antigenn\u00ed test, kter\u00fd prozrad\u00ed, jedn\u00e1-li se o oby\u010dejnou vir\u00f3zu, nebo p\u0159\u00edmo koronavirus. V p\u0159\u00edpad\u011b potvrzen\u00ed n\u00e1kazy koronavirem je nutn\u00e9 spojit se s va\u0161\u00edm l\u00e9ka\u0159em, kter\u00fd v\u00e1m vysv\u011btl\u00ed dal\u0161\u00ed postup. Nep\u0159ehl\u00ed\u017eejte ani zd\u00e1nliv\u011b zanedbateln\u00e9 p\u0159\u00edznaky, jako je bolest hlavy, lehce zv\u00fd\u0161en\u00e1 teplota, zahlen\u011bn\u00ed. I takto se m\u016f\u017ee hl\u00e1sit koronavirus. Otestujte se, a\u0165 v\u00edte, na \u010dem jste a neohro\u017eujete zbyte\u010dn\u011b sv\u00e9 okol\u00ed.                                                                                                                                                                                                                                                                                                                                                                                                  "},{"@context":"https:\/\/schema.org\/","@type":"BreadcrumbList","itemListElement":[{"@type":"ListItem","position":1,"name":"Otestujte se antigenn\u00edmi testy","item":"https:\/\/www.ells.cz\/otestujte-se-antigennimi-testy\/#breadcrumbitem"}]}]