[{"@context":"https:\/\/schema.org\/","@type":"Article","@id":"https:\/\/www.ells.cz\/proc-se-v-nasi-spolecnosti-starame-o-stare-lidi\/#Article","mainEntityOfPage":"https:\/\/www.ells.cz\/proc-se-v-nasi-spolecnosti-starame-o-stare-lidi\/","headline":"Pro\u010d se v na\u0161\u00ed spole\u010dnosti star\u00e1me o star\u00e9 lidi","name":"Pro\u010d se v na\u0161\u00ed spole\u010dnosti star\u00e1me o star\u00e9 lidi","description":"A\u010dkoliv se lid\u00e9 r\u00e1di pova\u017euj\u00ed za inteligentn\u00ed, je pravdou, \u017ee se z\u00a0velk\u00e9 \u010d\u00e1sti podobn\u011b jako jin\u00e1 zv\u00ed\u0159ata \u0159\u00edd\u00edme v\u00a0mnoha.","datePublished":"2022-08-12","dateModified":"2023-05-01","author":{"@type":"Person","@id":"https:\/\/www.ells.cz\/author\/#Person","name":"","url":"https:\/\/www.ells.cz\/author\/","identifier":1,"image":{"@type":"ImageObject","@id":"https:\/\/secure.gravatar.com\/avatar\/5522eb0fc8481dea5f6519f6a0b15ee2c46358d48429b281fd7c49cbb5a929f9?s=96&d=mm&r=g","url":"https:\/\/secure.gravatar.com\/avatar\/5522eb0fc8481dea5f6519f6a0b15ee2c46358d48429b281fd7c49cbb5a929f9?s=96&d=mm&r=g","height":96,"width":96}},"publisher":{"@type":"Organization","name":"ells.cz","logo":{"@type":"ImageObject","@id":"\/logo.png","url":"\/logo.png","width":600,"height":60}},"image":{"@type":"ImageObject","@id":"https:\/\/www.ells.cz\/wp-content\/uploads\/duchod3_1.jpg","url":"https:\/\/www.ells.cz\/wp-content\/uploads\/duchod3_1.jpg","height":0,"width":0},"url":"https:\/\/www.ells.cz\/proc-se-v-nasi-spolecnosti-starame-o-stare-lidi\/","about":["Spole\u010dnost"],"wordCount":431,"articleBody":"A\u010dkoliv se lid\u00e9 r\u00e1di pova\u017euj\u00ed za inteligentn\u00ed, je pravdou, \u017ee se z\u00a0velk\u00e9 \u010d\u00e1sti podobn\u011b jako jin\u00e1 zv\u00ed\u0159ata \u0159\u00edd\u00edme v\u00a0mnoha v\u011bcech sv\u00fdmi instinkty. T\u00edm je nap\u0159\u00edklad na\u0161e touha chr\u00e1nit d\u011bti a jak\u00e9koliv tvory, kte\u0159\u00ed n\u00e1m d\u011bti p\u0159ipom\u00ednaj\u00ed. Z\u00a0tohoto d\u016fvodu n\u00e1s tak\u00e9 nap\u0159\u00edklad lid\u00e9 chovaj\u00ed kr\u00e1tkoleb\u00e9 psy s\u00a0mal\u00fdmi nosy, velkou hlavou a velk\u00fdma o\u010dima \u2013 charakteristikou, kterou maj\u00ed lidsk\u00e9 d\u011bti.\u00a0\u00a0Ov\u0161em i kdy\u017e je p\u00e9\u010de o potomstvo \u010dast\u00e1 u mnoha \u017eivo\u010di\u0161n\u00fdch druh\u016f, my lid\u00e9 m\u00e1me na rozd\u00edl od nich stejnou touhu chr\u00e1nit na\u0161e star\u00e9, nemocn\u00e9 \u010di posti\u017een\u00e9 ob\u010dany. To u mnoha zv\u00ed\u0159at nenajdeme, nebo\u0165 to pro n\u011b nen\u00ed v\u00fdhodn\u00e9 \u2013 tito \u010dlenov\u00e9 sme\u010dky \u010di st\u00e1da ji\u017e nijak nep\u0159isp\u00edvaj\u00ed k\u00a0jej\u00edmu blahu \u2013 nemohou ji\u017e tak dob\u0159e lovit a p\u0159i \u00fat\u011bku p\u0159ed pred\u00e1tory je v\u00fdhodn\u011bj\u0161\u00ed, pokud padnou oni a ne mlad\u00fd, produktivn\u00ed \u010dlen.\u00a0M\u016f\u017eeme se tedy pt\u00e1t, pro\u010d se u lid\u00ed vyvinul instinkt ochrany pr\u00e1v\u011b t\u011bchto \u010dlen\u016f spole\u010dnosti. Jakou pro n\u00e1s maj\u00ed cenu? Koneckonc\u016f, \u017e\u00e1dn\u00fd pud tak siln\u00fd se nevyvine jen tak. \u010c\u00edm jsou pro n\u00e1s tedy tito p\u0159\u00ednosn\u00ed, kdy\u017e jejich v\u00fdkonnost ji\u017e nen\u00ed takov\u00e1?\u00a0\u00a0Souvis\u00ed to s\u00a0v\u00fdvojem \u0159e\u010di. D\u00edky tomu si m\u016f\u017eeme p\u0159ed\u00e1vat i abstraktn\u00ed my\u0161lenky, co\u017e je n\u011bco, co prakticky \u017e\u00e1dn\u00e9 zv\u00ed\u0159e, pokud v\u00edme, nedok\u00e1\u017ee. A jak to souvis\u00ed s\u00a0ochranou na\u0161ich star\u0161\u00edch? Naprosto jednodu\u0161e: maj\u00ed podstatn\u011b v\u00edce zku\u0161enost\u00ed, ne\u017e mlad\u00ed, a d\u00edky \u0159e\u010di n\u00e1m je mohou p\u0159edat. Tak nemus\u00edme opakovat stejn\u00e9 chyby, kter\u00e9 ud\u011blali a m\u016f\u017eeme se od nich pou\u010dit.\u00a0Bohu\u017eel je pravdou, \u017ee v\u00a0dne\u0161n\u00ed dob\u011b se tento v\u00fdznam vytr\u00e1c\u00ed, konkr\u00e9tn\u011b v\u00a0posledn\u00edch p\u0159ibli\u017en\u011b dv\u011b st\u011b letech, od za\u010d\u00e1tku prvn\u00ed v\u011bdecko-technick\u00e9 revoluce. D\u00edky n\u00ed se toti\u017e sv\u011bt m\u011bn\u00ed mnohem rychlej\u0161\u00edm tempem, ne\u017e kdy d\u0159\u00edv a zku\u0161enosti, kter\u00e9 dne\u0161n\u00ed sta\u0159\u00ed lid\u00e9 v\u00a0ml\u00e1d\u00ed nabrali, t\u011bm dne\u0161n\u00edm ji\u017e nepomohou.\u00a0T\u00edm samoz\u0159ejm\u011b nen\u00ed \u0159e\u010deno, \u017ee bychom je nem\u011bli chr\u00e1nit a pom\u00e1hat jim, jen je dobr\u00e9 si uv\u011bdomit, kde m\u00e1 toto chov\u00e1n\u00ed po\u010d\u00e1tek. Pak si uv\u011bdom\u00edme, \u017ee se od ostatn\u00edch zv\u00ed\u0159at a\u017e tak neli\u0161\u00edme.                                                                                                                                                                                                                                                                                                                                                                                                "},{"@context":"https:\/\/schema.org\/","@type":"BreadcrumbList","itemListElement":[{"@type":"ListItem","position":1,"name":"Pro\u010d se v na\u0161\u00ed spole\u010dnosti star\u00e1me o star\u00e9 lidi","item":"https:\/\/www.ells.cz\/proc-se-v-nasi-spolecnosti-starame-o-stare-lidi\/#breadcrumbitem"}]}]