[{"@context":"https:\/\/schema.org\/","@type":"Article","@id":"https:\/\/www.ells.cz\/ten-nejlepsi-darek-pro-malou-dcerku\/#Article","mainEntityOfPage":"https:\/\/www.ells.cz\/ten-nejlepsi-darek-pro-malou-dcerku\/","headline":"Ten nejlep\u0161\u00ed d\u00e1rek pro malou dcerku","name":"Ten nejlep\u0161\u00ed d\u00e1rek pro malou dcerku","description":"Bl\u00ed\u017e\u00ed se narozeniny Va\u0161\u00ed dcerky a Vy po\u0159\u00e1d nev\u00edte, co v\u00fdjime\u010dn\u00e9ho ji koupit? Vyberte j\u00ed takov\u00fd d\u00e1rek, ze kter\u00e9ho.","datePublished":"2024-11-18","dateModified":"2024-11-18","author":{"@type":"Person","@id":"https:\/\/www.ells.cz\/author\/#Person","name":"","url":"https:\/\/www.ells.cz\/author\/","identifier":1,"image":{"@type":"ImageObject","@id":"https:\/\/secure.gravatar.com\/avatar\/5522eb0fc8481dea5f6519f6a0b15ee2c46358d48429b281fd7c49cbb5a929f9?s=96&d=mm&r=g","url":"https:\/\/secure.gravatar.com\/avatar\/5522eb0fc8481dea5f6519f6a0b15ee2c46358d48429b281fd7c49cbb5a929f9?s=96&d=mm&r=g","height":96,"width":96}},"publisher":{"@type":"Organization","name":"ells.cz","logo":{"@type":"ImageObject","@id":"\/logo.png","url":"\/logo.png","width":600,"height":60}},"url":"https:\/\/www.ells.cz\/ten-nejlepsi-darek-pro-malou-dcerku\/","wordCount":215,"articleBody":"Bl\u00ed\u017e\u00ed se narozeniny Va\u0161\u00ed dcerky a Vy po\u0159\u00e1d nev\u00edte, co v\u00fdjime\u010dn\u00e9ho ji koupit? Vyberte j\u00ed takov\u00fd d\u00e1rek, ze kter\u00e9ho bude m\u00edt radost, par\u00e1du a hlavn\u011b ji vydr\u017e\u00ed dlouh\u00e1 l\u00e9ta i jako vz\u00e1cn\u00e1 pam\u00e1tka. Takov\u00fdm jedine\u010dn\u00fdm d\u00e1rkem mohou b\u00fdt d\u011btsk\u00e9 n\u00e1u\u0161nice, je\u017e na\u0161e str\u00e1nka nab\u00edz\u00ed v hojn\u00e9m po\u010dtu. Vyberte pro hol\u010di\u010dku ten prav\u00fd \u0161perk, kter\u00fd ji bude d\u011blat radost nejen v jej\u00ed narozeninov\u00fd den, ale i n\u011bkolik let po nich.Srd\u00ed\u010dko nebo mot\u00fdlkaKa\u017ed\u00e9mu se l\u00edb\u00ed n\u011bco jin\u00e9ho a proto i pro Va\u0161e potomky \u010di nete\u0159e m\u00e1me \u0161irok\u00fd v\u00fdb\u011br tvar\u016f a barev, kter\u00e9 mohou v\u016fbec n\u00e1u\u0161ni\u010dky m\u00edt. Jestli jste zast\u00e1nci jednodu\u0161\u0161\u00edch tvar\u016f, m\u016f\u017eeme V\u00e1m nab\u00eddnout jemn\u00e9 krou\u017eky os\u00e1zen\u00e9 kam\u00ednky. Pokud d\u00e1v\u00e1te p\u0159ednost vylo\u017een\u011b konkr\u00e9tn\u00edm tvar\u016fm, kter\u00e9 jsou vhodn\u00e9 pro mal\u00e1 ou\u0161ka, zvolit si m\u016f\u017eete z \u0159ad srd\u00ed\u010dek, kyti\u010dek, mot\u00fdlk\u016f \u010di slzi\u010dek. Slu\u0161et bude v\u0161e a na uchu se budou nejr\u016fzn\u011bj\u0161\u00ed tvary p\u011bkn\u011b vyj\u00edmat.                                                                                                                                                                                                                                                                                                                                                                                                "},{"@context":"https:\/\/schema.org\/","@type":"BreadcrumbList","itemListElement":[{"@type":"ListItem","position":1,"name":"Ten nejlep\u0161\u00ed d\u00e1rek pro malou dcerku","item":"https:\/\/www.ells.cz\/ten-nejlepsi-darek-pro-malou-dcerku\/#breadcrumbitem"}]}]