[{"@context":"https:\/\/schema.org\/","@type":"Article","@id":"https:\/\/www.ells.cz\/umite-pecovat-o-sve-vlasy\/#Article","mainEntityOfPage":"https:\/\/www.ells.cz\/umite-pecovat-o-sve-vlasy\/","headline":"Um\u00edte pe\u010dovat o sv\u00e9 vlasy?","name":"Um\u00edte pe\u010dovat o sv\u00e9 vlasy?","description":"Vlasy upoutaj\u00ed na\u0161i pozornost na prvn\u00ed pohled. Zejm\u00e9na pro \u017eeny jde o velmi d\u016fle\u017eitou sou\u010d\u00e1st vzhledu. P\u0159i \u0161patn\u00e9 p\u00e9\u010di.","datePublished":"2022-07-27","dateModified":"2023-05-01","author":{"@type":"Person","@id":"https:\/\/www.ells.cz\/author\/#Person","name":"","url":"https:\/\/www.ells.cz\/author\/","identifier":1,"image":{"@type":"ImageObject","@id":"https:\/\/secure.gravatar.com\/avatar\/5522eb0fc8481dea5f6519f6a0b15ee2c46358d48429b281fd7c49cbb5a929f9?s=96&d=mm&r=g","url":"https:\/\/secure.gravatar.com\/avatar\/5522eb0fc8481dea5f6519f6a0b15ee2c46358d48429b281fd7c49cbb5a929f9?s=96&d=mm&r=g","height":96,"width":96}},"publisher":{"@type":"Organization","name":"ells.cz","logo":{"@type":"ImageObject","@id":"\/logo.png","url":"\/logo.png","width":600,"height":60}},"image":{"@type":"ImageObject","@id":"https:\/\/www.ells.cz\/wp-content\/uploads\/woman-586185_640_4.jpg","url":"https:\/\/www.ells.cz\/wp-content\/uploads\/woman-586185_640_4.jpg","height":0,"width":0},"url":"https:\/\/www.ells.cz\/umite-pecovat-o-sve-vlasy\/","about":["Kr\u00e1sa"],"wordCount":469,"articleBody":"Vlasy upoutaj\u00ed na\u0161i pozornost na prvn\u00ed pohled. Zejm\u00e9na pro \u017eeny jde o velmi d\u016fle\u017eitou sou\u010d\u00e1st vzhledu. P\u0159i \u0161patn\u00e9 p\u00e9\u010di je ale i p\u0159i letm\u00e9m pohledu vid\u011bt, \u017ee by volaj\u00ed o pomoc. A \u0161patn\u00e1 p\u00e9\u010de se projev\u00ed na kr\u00e1tk\u00fdch i dlouh\u00fdch vlasech. Jak poznat, \u017ee va\u0161e vlasy pot\u0159ebuj\u00ed oddech?\u010casto je odbarvujeteChod\u00edte sp\u00e1t s mokrou hlavou\u0160patn\u011b je roz\u010des\u00e1v\u00e1teNepou\u017e\u00edv\u00e1te spr\u00e1vnou p\u00e9\u010diMyjete je \u010dasto a nebo naopak m\u00e1loP\u00e9\u010de o vlasy je pom\u011brn\u011b slo\u017eit\u00e1, proto\u017ee na trhu je obrovsk\u00e9 mno\u017estv\u00ed p\u0159\u00edpravk\u016f. Ka\u017ed\u00fd kus je ur\u010den\u00fd na jin\u00e9 vlasy, na jin\u00fd probl\u00e9m a ne\u017e najdete vhodnou p\u00e9\u010di, m\u016f\u017ee to chv\u00edli trvat. Mus\u00edte si nejprve zjistit, jak\u00fd typ vlas\u016f m\u00e1te. Nej\u010dast\u011bj\u0161\u00ed d\u011blen\u00ed je na such\u00e9 a mastn\u00e9. Such\u00e9 se vyzna\u010duj\u00ed rozt\u0159epen\u00fdmi kone\u010dky a lupy. Mastn\u00e9 vlasy jsou zplihl\u00e9, bez objemu. Probl\u00e9m je, \u017ee i u mastn\u00fdch vlas\u016f se mohou objevit lupy i sucha kone\u010dky a pol\u00e1man\u00e9 d\u00e9lky. S typem vlas\u016f v\u00e1m nejl\u00e9pe porad\u00ed kade\u0159nice.Levn\u00e1 p\u00e9\u010de v\u00e1m nic ned\u00e1I kdy\u017e si mysl\u00edte, \u017ee i levn\u00fd \u0161ampion m\u016f\u017ee b\u00fdt kvalitn\u00ed, tak ano &#8211; vlasy v\u00e1m umyje, ale t\u00edm to kon\u010d\u00ed. Bohu\u017eel od p\u00e9\u010de za p\u00e1r korun nem\u016f\u017eete \u010dekat z\u00e1zraky. proto pokud chcete opravdu vy\u0159e\u0161it n\u011bjak\u00fd probl\u00e9m s va\u0161imi vlasy, budete muset investovat.Dobr\u00e1 zpr\u00e1va je, \u017ee spousta v\u00fdrobk\u016f se d\u00e1 koupit v cestovn\u00ed verzi &#8211; tak\u017ee v\u00fdrobek vyzkou\u0161\u00edte a nebudete muset utr\u00e1cet za pln\u00e9 balen\u00ed.Pokud si vlasy odbarvujete a barv\u00edte, budete jim muset dop\u0159\u00e1t p\u00e9\u010di ur\u010denou p\u0159\u00edmo pro vlasy zat\u00ed\u017een\u00e9 barven\u00edm.Je dokonce mo\u017en\u00e9, \u017ee si vlasy i \u0161patn\u011b myjete. Je dobr\u00e9 je m\u00fdt vestoje, aby se zbyte\u010dn\u011b necuchaly. \u0160amponu sta\u010d\u00ed i pro dlouh\u00e9 vlasy mno\u017estv\u00ed velk\u00e9 jako hr\u00e1\u0161ek &#8211; proto\u017ee se mus\u00ed vmas\u00edrovat do poko\u017eky hlavy. Do d\u00e9lek se dostane p\u0159i oplachov\u00e1n\u00ed. Hlavu je dobr\u00e9 m\u00fdt dvakr\u00e1t &#8211; aby se vlas otev\u0159el a ne\u010distoty se skute\u010dn\u011b dostaly ven. Kondicion\u00e9r by m\u011bl b\u00fdt naprostou samoz\u0159ejmost\u00ed. Vlasy si f\u00e9nujte jen v\u00fdjime\u010dn\u011b, na nejni\u017e\u0161\u00ed stupe\u0148 a nejl\u00e9pe chladn\u00fdm vzduchem. Ide\u00e1ln\u00ed ov\u0161em je nechat je uschnout voln\u011b.\u00a0Pravideln\u011b byste m\u011bla pou\u017e\u00edvat r\u016fzn\u00e1 s\u00e9ra a masky, aby se vlasy zpevnily, m\u011bly lesk a byly zdrav\u00e9. Pokud budete dodr\u017eovat spr\u00e1vnou p\u00e9\u010di, kr\u00e1sn\u00e9 vlasy v\u00e1s rozhodn\u011b neminou.                                                                                                                                                                                                                                                                                                                                                                                                "},{"@context":"https:\/\/schema.org\/","@type":"BreadcrumbList","itemListElement":[{"@type":"ListItem","position":1,"name":"Um\u00edte pe\u010dovat o sv\u00e9 vlasy?","item":"https:\/\/www.ells.cz\/umite-pecovat-o-sve-vlasy\/#breadcrumbitem"}]}]